{"id":1304,"date":"2014-09-05T12:08:43","date_gmt":"2014-09-05T16:08:43","guid":{"rendered":"https:\/\/www.spiegelsohmer.com\/2014\/09\/05\/spiegel-sohmer-tax-policy-colloquium\/"},"modified":"2016-11-14T16:01:55","modified_gmt":"2016-11-14T21:01:55","slug":"spiegel-sohmer-tax-policy-colloquium-at-the-faculty-of-law-at-mcgill-university","status":"publish","type":"post","link":"https:\/\/spiegelryan.com\/en\/2014\/09\/05\/spiegel-sohmer-tax-policy-colloquium-at-the-faculty-of-law-at-mcgill-university\/","title":{"rendered":"Spiegel Sohmer Tax Policy Colloquium"},"content":{"rendered":"<p>&lt;p style=&#8221;text-align: justify;Spiegel Sohmer is proud to support the inauguration of the <em><a href=\"https:\/\/www.spiegelsohmer.com\/\">Spiegel Sohmer<\/a> Tax Policy Colloquium<\/em> at the <a href=\"http:\/\/www.mcgill.ca\/law\/\">Faculty of Law at McGill University<\/a>. This fall, the colloquium will host a diverse group of academics who will present their research and provide an unrivalled opportunity to engage in interdisciplinary and collaborative learning about taxation. The colloquium, which will be open to the public, will feature five distinguished scholars who will seek to return to fundamentals by critically examining the goals of taxation from a legal and philosophical perspective. <a href=\"https:\/\/www.spiegelsohmer.com\/\">Spiegel Sohmer<\/a> is proud to be a partner of the <a href=\"http:\/\/www.mcgill.ca\/law\/\">Faculty of Law at McGill University<\/a> and play an instrumental role in the transmission of cutting-edge research in taxation.<\/p>\n<p>&lt;p style=&#8221;text-align: justify;Spiegel Sohmer est fier d\u2019appuyer l\u2019av\u00e8nement du <em><a href=\"https:\/\/www.spiegelsohmer.com\/\">Spiegel Sohmer<\/a><\/em><em>&nbsp;Tax Policy Colloquium<\/em> \u00e0 la <a href=\"http:\/\/www.mcgill.ca\/law\/fr\">Facult\u00e9 de droit de l\u2019Universit\u00e9 McGill<\/a>. Cet automne, le colloque r\u00e9unira un groupe vari\u00e9 d\u2019universitaires qui pr\u00e9senteront leurs recherches; il s\u2019agira donc d\u2019une occasion sans pr\u00e9c\u00e9dent de participer \u00e0 un \u00e9change interdisciplinaire et collaboratif de renseignements fiscaux. Ouvert au public, le colloque pr\u00e9sentera cinq \u00e9minents universitaires qui retourneront aux fondamentaux en jetant un regard critique sur les objectifs de l\u2019imposition d\u2019un point de vue juridique et philosophique. <em><a href=\"https:\/\/www.spiegelsohmer.com\/\">Spiegel Sohmer<\/a><\/em>&nbsp;est fier de s\u2019associer \u00e0 la <a href=\"http:\/\/www.mcgill.ca\/law\/fr\">Facult\u00e9 de droit de l\u2019Universit\u00e9 McGill<\/a>&nbsp;et de jouer un r\u00f4le important dans la transmission de recherche de pointe dans le domaine fiscal.<\/p>\n","protected":false},"excerpt":{"rendered":"<p>&lt;p style=&#8221;text-align: justify;Spiegel Sohmer is proud to support the inauguration of the Spiegel Sohmer Tax Policy Colloquium at the Faculty of Law at McGill University. This fall, the colloquium will host a diverse group of academics who will present their research and provide an unrivalled opportunity to engage in interdisciplinary and collaborative learning about taxation. [&hellip;]<\/p>\n","protected":false},"author":4,"featured_media":0,"comment_status":"open","ping_status":"open","sticky":false,"template":"","format":"standard","meta":{"_acf_changed":false,"footnotes":""},"categories":[7],"tags":[],"class_list":["post-1304","post","type-post","status-publish","format-standard","hentry","category-taxation-law"],"acf":[],"yoast_head":"<!-- This site is optimized with the Yoast SEO plugin v26.7 - https:\/\/yoast.com\/wordpress\/plugins\/seo\/ -->\n<title>Spiegel Sohmer Tax Policy Colloquium - Spiegel Ryan<\/title>\n<meta name=\"robots\" content=\"index, follow, max-snippet:-1, max-image-preview:large, max-video-preview:-1\" \/>\n<link rel=\"canonical\" href=\"https:\/\/www.spiegelsohmer.com\/en\/2014\/09\/05\/spiegel-sohmer-tax-policy-colloquium-at-the-faculty-of-law-at-mcgill-university\/\" \/>\n<meta property=\"og:locale\" content=\"en_US\" \/>\n<meta property=\"og:type\" content=\"article\" \/>\n<meta property=\"og:title\" content=\"Spiegel Sohmer Tax Policy Colloquium - Spiegel Ryan\" \/>\n<meta property=\"og:description\" content=\"&lt;p style=&#8221;text-align: justify;Spiegel Sohmer is proud to support the inauguration of the Spiegel Sohmer Tax Policy Colloquium at the Faculty of Law at McGill University. This fall, the colloquium will host a diverse group of academics who will present their research and provide an unrivalled opportunity to engage in interdisciplinary and collaborative learning about taxation. [&hellip;]\" \/>\n<meta property=\"og:url\" content=\"https:\/\/www.spiegelsohmer.com\/en\/2014\/09\/05\/spiegel-sohmer-tax-policy-colloquium-at-the-faculty-of-law-at-mcgill-university\/\" \/>\n<meta property=\"og:site_name\" content=\"Spiegel Ryan\" \/>\n<meta property=\"article:published_time\" content=\"2014-09-05T16:08:43+00:00\" \/>\n<meta property=\"article:modified_time\" content=\"2016-11-14T21:01:55+00:00\" \/>\n<meta property=\"og:image\" content=\"https:\/\/spiegelryan.com\/content\/uploads\/2025\/09\/Spiegel-Ryan-sitweb.jpg\" \/>\n\t<meta property=\"og:image:width\" content=\"1200\" \/>\n\t<meta property=\"og:image:height\" content=\"675\" \/>\n\t<meta property=\"og:image:type\" content=\"image\/jpeg\" \/>\n<meta name=\"author\" content=\"Spiegel Writer\" \/>\n<meta name=\"twitter:card\" content=\"summary_large_image\" \/>\n<meta name=\"twitter:label1\" content=\"Written by\" \/>\n\t<meta name=\"twitter:data1\" content=\"Spiegel Writer\" \/>\n\t<meta name=\"twitter:label2\" content=\"Est. reading time\" \/>\n\t<meta name=\"twitter:data2\" content=\"1 minute\" \/>\n<script type=\"application\/ld+json\" class=\"yoast-schema-graph\">{\"@context\":\"https:\/\/schema.org\",\"@graph\":[{\"@type\":\"Article\",\"@id\":\"https:\/\/www.spiegelsohmer.com\/en\/2014\/09\/05\/spiegel-sohmer-tax-policy-colloquium-at-the-faculty-of-law-at-mcgill-university\/#article\",\"isPartOf\":{\"@id\":\"https:\/\/www.spiegelsohmer.com\/en\/2014\/09\/05\/spiegel-sohmer-tax-policy-colloquium-at-the-faculty-of-law-at-mcgill-university\/\"},\"author\":{\"name\":\"Spiegel Writer\",\"@id\":\"https:\/\/www.spiegelsohmer.com\/#\/schema\/person\/c6d2d3c75452304ab9ac992e9ca0664d\"},\"headline\":\"Spiegel Sohmer Tax Policy Colloquium\",\"datePublished\":\"2014-09-05T16:08:43+00:00\",\"dateModified\":\"2016-11-14T21:01:55+00:00\",\"mainEntityOfPage\":{\"@id\":\"https:\/\/www.spiegelsohmer.com\/en\/2014\/09\/05\/spiegel-sohmer-tax-policy-colloquium-at-the-faculty-of-law-at-mcgill-university\/\"},\"wordCount\":260,\"commentCount\":0,\"publisher\":{\"@id\":\"https:\/\/www.spiegelsohmer.com\/#organization\"},\"articleSection\":[\"Taxation law\"],\"inLanguage\":\"en-US\",\"potentialAction\":[{\"@type\":\"CommentAction\",\"name\":\"Comment\",\"target\":[\"https:\/\/www.spiegelsohmer.com\/en\/2014\/09\/05\/spiegel-sohmer-tax-policy-colloquium-at-the-faculty-of-law-at-mcgill-university\/#respond\"]}]},{\"@type\":\"WebPage\",\"@id\":\"https:\/\/www.spiegelsohmer.com\/en\/2014\/09\/05\/spiegel-sohmer-tax-policy-colloquium-at-the-faculty-of-law-at-mcgill-university\/\",\"url\":\"https:\/\/www.spiegelsohmer.com\/en\/2014\/09\/05\/spiegel-sohmer-tax-policy-colloquium-at-the-faculty-of-law-at-mcgill-university\/\",\"name\":\"Spiegel Sohmer Tax Policy Colloquium - Spiegel Ryan\",\"isPartOf\":{\"@id\":\"https:\/\/www.spiegelsohmer.com\/#website\"},\"datePublished\":\"2014-09-05T16:08:43+00:00\",\"dateModified\":\"2016-11-14T21:01:55+00:00\",\"breadcrumb\":{\"@id\":\"https:\/\/www.spiegelsohmer.com\/en\/2014\/09\/05\/spiegel-sohmer-tax-policy-colloquium-at-the-faculty-of-law-at-mcgill-university\/#breadcrumb\"},\"inLanguage\":\"en-US\",\"potentialAction\":[{\"@type\":\"ReadAction\",\"target\":[\"https:\/\/www.spiegelsohmer.com\/en\/2014\/09\/05\/spiegel-sohmer-tax-policy-colloquium-at-the-faculty-of-law-at-mcgill-university\/\"]}]},{\"@type\":\"BreadcrumbList\",\"@id\":\"https:\/\/www.spiegelsohmer.com\/en\/2014\/09\/05\/spiegel-sohmer-tax-policy-colloquium-at-the-faculty-of-law-at-mcgill-university\/#breadcrumb\",\"itemListElement\":[{\"@type\":\"ListItem\",\"position\":1,\"name\":\"Accueil\",\"item\":\"https:\/\/spiegelryan.com\/en\/\"},{\"@type\":\"ListItem\",\"position\":2,\"name\":\"Spiegel Sohmer Tax Policy Colloquium\"}]},{\"@type\":\"WebSite\",\"@id\":\"https:\/\/www.spiegelsohmer.com\/#website\",\"url\":\"https:\/\/www.spiegelsohmer.com\/\",\"name\":\"Spiegel Ryan\",\"description\":\"Just another WordPress site\",\"publisher\":{\"@id\":\"https:\/\/www.spiegelsohmer.com\/#organization\"},\"potentialAction\":[{\"@type\":\"SearchAction\",\"target\":{\"@type\":\"EntryPoint\",\"urlTemplate\":\"https:\/\/www.spiegelsohmer.com\/?s={search_term_string}\"},\"query-input\":{\"@type\":\"PropertyValueSpecification\",\"valueRequired\":true,\"valueName\":\"search_term_string\"}}],\"inLanguage\":\"en-US\"},{\"@type\":\"Organization\",\"@id\":\"https:\/\/www.spiegelsohmer.com\/#organization\",\"name\":\"Spiegel Ryan\",\"url\":\"https:\/\/www.spiegelsohmer.com\/\",\"logo\":{\"@type\":\"ImageObject\",\"inLanguage\":\"en-US\",\"@id\":\"https:\/\/www.spiegelsohmer.com\/#\/schema\/logo\/image\/\",\"url\":\"https:\/\/spiegelryan.com\/content\/uploads\/2025\/09\/Spiegel-Ryan-sitweb.jpg\",\"contentUrl\":\"https:\/\/spiegelryan.com\/content\/uploads\/2025\/09\/Spiegel-Ryan-sitweb.jpg\",\"width\":1200,\"height\":675,\"caption\":\"Spiegel Ryan\"},\"image\":{\"@id\":\"https:\/\/www.spiegelsohmer.com\/#\/schema\/logo\/image\/\"}},{\"@type\":\"Person\",\"@id\":\"https:\/\/www.spiegelsohmer.com\/#\/schema\/person\/c6d2d3c75452304ab9ac992e9ca0664d\",\"name\":\"Spiegel Writer\",\"image\":{\"@type\":\"ImageObject\",\"inLanguage\":\"en-US\",\"@id\":\"https:\/\/www.spiegelsohmer.com\/#\/schema\/person\/image\/\",\"url\":\"https:\/\/secure.gravatar.com\/avatar\/0ee42d879425b46786c89bf604d7cb91f96f0407d4aa63507cf0fe0bf881f6f1?s=96&d=mm&r=g\",\"contentUrl\":\"https:\/\/secure.gravatar.com\/avatar\/0ee42d879425b46786c89bf604d7cb91f96f0407d4aa63507cf0fe0bf881f6f1?s=96&d=mm&r=g\",\"caption\":\"Spiegel Writer\"},\"url\":\"https:\/\/spiegelryan.com\/en\/author\/spiegel_writer\/\"}]}<\/script>\n<!-- \/ Yoast SEO plugin. -->","yoast_head_json":{"title":"Spiegel Sohmer Tax Policy Colloquium - Spiegel Ryan","robots":{"index":"index","follow":"follow","max-snippet":"max-snippet:-1","max-image-preview":"max-image-preview:large","max-video-preview":"max-video-preview:-1"},"canonical":"https:\/\/www.spiegelsohmer.com\/en\/2014\/09\/05\/spiegel-sohmer-tax-policy-colloquium-at-the-faculty-of-law-at-mcgill-university\/","og_locale":"en_US","og_type":"article","og_title":"Spiegel Sohmer Tax Policy Colloquium - Spiegel Ryan","og_description":"&lt;p style=&#8221;text-align: justify;Spiegel Sohmer is proud to support the inauguration of the Spiegel Sohmer Tax Policy Colloquium at the Faculty of Law at McGill University. This fall, the colloquium will host a diverse group of academics who will present their research and provide an unrivalled opportunity to engage in interdisciplinary and collaborative learning about taxation. [&hellip;]","og_url":"https:\/\/www.spiegelsohmer.com\/en\/2014\/09\/05\/spiegel-sohmer-tax-policy-colloquium-at-the-faculty-of-law-at-mcgill-university\/","og_site_name":"Spiegel Ryan","article_published_time":"2014-09-05T16:08:43+00:00","article_modified_time":"2016-11-14T21:01:55+00:00","og_image":[{"width":1200,"height":675,"url":"https:\/\/spiegelryan.com\/content\/uploads\/2025\/09\/Spiegel-Ryan-sitweb.jpg","type":"image\/jpeg"}],"author":"Spiegel Writer","twitter_card":"summary_large_image","twitter_misc":{"Written by":"Spiegel Writer","Est. reading time":"1 minute"},"schema":{"@context":"https:\/\/schema.org","@graph":[{"@type":"Article","@id":"https:\/\/www.spiegelsohmer.com\/en\/2014\/09\/05\/spiegel-sohmer-tax-policy-colloquium-at-the-faculty-of-law-at-mcgill-university\/#article","isPartOf":{"@id":"https:\/\/www.spiegelsohmer.com\/en\/2014\/09\/05\/spiegel-sohmer-tax-policy-colloquium-at-the-faculty-of-law-at-mcgill-university\/"},"author":{"name":"Spiegel Writer","@id":"https:\/\/www.spiegelsohmer.com\/#\/schema\/person\/c6d2d3c75452304ab9ac992e9ca0664d"},"headline":"Spiegel Sohmer Tax Policy Colloquium","datePublished":"2014-09-05T16:08:43+00:00","dateModified":"2016-11-14T21:01:55+00:00","mainEntityOfPage":{"@id":"https:\/\/www.spiegelsohmer.com\/en\/2014\/09\/05\/spiegel-sohmer-tax-policy-colloquium-at-the-faculty-of-law-at-mcgill-university\/"},"wordCount":260,"commentCount":0,"publisher":{"@id":"https:\/\/www.spiegelsohmer.com\/#organization"},"articleSection":["Taxation law"],"inLanguage":"en-US","potentialAction":[{"@type":"CommentAction","name":"Comment","target":["https:\/\/www.spiegelsohmer.com\/en\/2014\/09\/05\/spiegel-sohmer-tax-policy-colloquium-at-the-faculty-of-law-at-mcgill-university\/#respond"]}]},{"@type":"WebPage","@id":"https:\/\/www.spiegelsohmer.com\/en\/2014\/09\/05\/spiegel-sohmer-tax-policy-colloquium-at-the-faculty-of-law-at-mcgill-university\/","url":"https:\/\/www.spiegelsohmer.com\/en\/2014\/09\/05\/spiegel-sohmer-tax-policy-colloquium-at-the-faculty-of-law-at-mcgill-university\/","name":"Spiegel Sohmer Tax Policy Colloquium - Spiegel Ryan","isPartOf":{"@id":"https:\/\/www.spiegelsohmer.com\/#website"},"datePublished":"2014-09-05T16:08:43+00:00","dateModified":"2016-11-14T21:01:55+00:00","breadcrumb":{"@id":"https:\/\/www.spiegelsohmer.com\/en\/2014\/09\/05\/spiegel-sohmer-tax-policy-colloquium-at-the-faculty-of-law-at-mcgill-university\/#breadcrumb"},"inLanguage":"en-US","potentialAction":[{"@type":"ReadAction","target":["https:\/\/www.spiegelsohmer.com\/en\/2014\/09\/05\/spiegel-sohmer-tax-policy-colloquium-at-the-faculty-of-law-at-mcgill-university\/"]}]},{"@type":"BreadcrumbList","@id":"https:\/\/www.spiegelsohmer.com\/en\/2014\/09\/05\/spiegel-sohmer-tax-policy-colloquium-at-the-faculty-of-law-at-mcgill-university\/#breadcrumb","itemListElement":[{"@type":"ListItem","position":1,"name":"Accueil","item":"https:\/\/spiegelryan.com\/en\/"},{"@type":"ListItem","position":2,"name":"Spiegel Sohmer Tax Policy Colloquium"}]},{"@type":"WebSite","@id":"https:\/\/www.spiegelsohmer.com\/#website","url":"https:\/\/www.spiegelsohmer.com\/","name":"Spiegel Ryan","description":"Just another WordPress site","publisher":{"@id":"https:\/\/www.spiegelsohmer.com\/#organization"},"potentialAction":[{"@type":"SearchAction","target":{"@type":"EntryPoint","urlTemplate":"https:\/\/www.spiegelsohmer.com\/?s={search_term_string}"},"query-input":{"@type":"PropertyValueSpecification","valueRequired":true,"valueName":"search_term_string"}}],"inLanguage":"en-US"},{"@type":"Organization","@id":"https:\/\/www.spiegelsohmer.com\/#organization","name":"Spiegel Ryan","url":"https:\/\/www.spiegelsohmer.com\/","logo":{"@type":"ImageObject","inLanguage":"en-US","@id":"https:\/\/www.spiegelsohmer.com\/#\/schema\/logo\/image\/","url":"https:\/\/spiegelryan.com\/content\/uploads\/2025\/09\/Spiegel-Ryan-sitweb.jpg","contentUrl":"https:\/\/spiegelryan.com\/content\/uploads\/2025\/09\/Spiegel-Ryan-sitweb.jpg","width":1200,"height":675,"caption":"Spiegel Ryan"},"image":{"@id":"https:\/\/www.spiegelsohmer.com\/#\/schema\/logo\/image\/"}},{"@type":"Person","@id":"https:\/\/www.spiegelsohmer.com\/#\/schema\/person\/c6d2d3c75452304ab9ac992e9ca0664d","name":"Spiegel Writer","image":{"@type":"ImageObject","inLanguage":"en-US","@id":"https:\/\/www.spiegelsohmer.com\/#\/schema\/person\/image\/","url":"https:\/\/secure.gravatar.com\/avatar\/0ee42d879425b46786c89bf604d7cb91f96f0407d4aa63507cf0fe0bf881f6f1?s=96&d=mm&r=g","contentUrl":"https:\/\/secure.gravatar.com\/avatar\/0ee42d879425b46786c89bf604d7cb91f96f0407d4aa63507cf0fe0bf881f6f1?s=96&d=mm&r=g","caption":"Spiegel Writer"},"url":"https:\/\/spiegelryan.com\/en\/author\/spiegel_writer\/"}]}},"_links":{"self":[{"href":"https:\/\/spiegelryan.com\/en\/wp-json\/wp\/v2\/posts\/1304","targetHints":{"allow":["GET"]}}],"collection":[{"href":"https:\/\/spiegelryan.com\/en\/wp-json\/wp\/v2\/posts"}],"about":[{"href":"https:\/\/spiegelryan.com\/en\/wp-json\/wp\/v2\/types\/post"}],"author":[{"embeddable":true,"href":"https:\/\/spiegelryan.com\/en\/wp-json\/wp\/v2\/users\/4"}],"replies":[{"embeddable":true,"href":"https:\/\/spiegelryan.com\/en\/wp-json\/wp\/v2\/comments?post=1304"}],"version-history":[{"count":1,"href":"https:\/\/spiegelryan.com\/en\/wp-json\/wp\/v2\/posts\/1304\/revisions"}],"predecessor-version":[{"id":1379,"href":"https:\/\/spiegelryan.com\/en\/wp-json\/wp\/v2\/posts\/1304\/revisions\/1379"}],"wp:attachment":[{"href":"https:\/\/spiegelryan.com\/en\/wp-json\/wp\/v2\/media?parent=1304"}],"wp:term":[{"taxonomy":"category","embeddable":true,"href":"https:\/\/spiegelryan.com\/en\/wp-json\/wp\/v2\/categories?post=1304"},{"taxonomy":"post_tag","embeddable":true,"href":"https:\/\/spiegelryan.com\/en\/wp-json\/wp\/v2\/tags?post=1304"}],"curies":[{"name":"wp","href":"https:\/\/api.w.org\/{rel}","templated":true}]}}