{"id":5927,"date":"2020-03-18T13:06:48","date_gmt":"2020-03-18T17:06:48","guid":{"rendered":"http:\/\/www.spiegelsohmer.com\/?p=5927"},"modified":"2020-03-31T10:07:56","modified_gmt":"2020-03-31T14:07:56","slug":"employers-guide-to-handling-covid-19-in-the-workplace","status":"publish","type":"post","link":"https:\/\/spiegelryan.com\/en\/2020\/03\/18\/employers-guide-to-handling-covid-19-in-the-workplace\/","title":{"rendered":"Employer\u2019s Guide to Handling COVID-19 in the Workplace"},"content":{"rendered":"<p>Over the past few days, the rapid spread of the Covid-19 pandemic has challenged every member of society to modify their day-to-day lives and contribute in the effort to slow down and limit the spread of the virus. We understand that, as an employer, you may be unsure what your rights and obligations are in these circumstances.<\/p>\n<p>The purpose of this article is to provide some guidance in this respect in terms of measures to be put in place to ensure a safe workspace, your rights and obligations regarding employees self-isolating or affected by Covid-19 and your obligations if your company is forced to lay-off employees.<\/p>\n<p><strong>The Governmental Measures in Place<\/strong><\/p>\n<p>The provincial and federal government has adopted measures to limit public gatherings. These measures include:<\/p>\n<ul>\n<li>Closure of the public and private school system, including daycares and universities from March 16, 2020 to March 27, 2020;<a href=\"#_ftn1\" name=\"_ftnref1\">[1]<\/a><sup>,<a href=\"#_ftn2\" name=\"_ftnref2\">[2]<\/a><\/sup><\/li>\n<li>Banning of visits of hospitals, old age residences as well as <em>Centres d\u2019h\u00e9bergement de soins de longue dur\u00e9e<\/em> (CHSLD)<a href=\"#_ftn3\" name=\"_ftnref3\">[3]<\/a><\/li>\n<li>Closure of several cultural and recreational businesses such as bars, amusement parks, ski hills, gyms and other fitness studios;<a href=\"#_ftn4\" name=\"_ftnref4\">[4]<\/a><\/li>\n<li>Suspension of all religious ceremonies unless essential;<a href=\"#_ftn5\" name=\"_ftnref5\">[5]<\/a><\/li>\n<li>Tasting counters in grocery stores and department stores are prohibited<a href=\"#_ftn6\" name=\"_ftnref6\">[6]<\/a><\/li>\n<\/ul>\n<p>Aside from these measures, Canadians are encouraged to avoid any non-necessary travel outside the province.<\/p>\n<p>Furthermore, all travelers entering Canada are required to self-isolate for a period of 14 days upon entry.<a href=\"#_ftn7\" name=\"_ftnref7\">[7]<\/a><\/p>\n<p><strong>Employer\u2019s Obligation to Provide a Safe Workplace<\/strong><\/p>\n<p>As an employer, you have an obligation to provide a safe workplace for your employees.<a href=\"#_ftn8\" name=\"_ftnref8\">[8]<\/a> As such, it is your responsibility to put in place appropriate measures to avoid employees contracting the Covid-19 virus in your workplace.<\/p>\n<p>Firstly, employees should be advised not to report to work if they present any symptoms identified as related to Covid-19.<a href=\"#_ftn9\" name=\"_ftnref9\">[9]<\/a> Furthermore, if a person reports any such symptoms or appears to present such symptoms, they should be advised to return or stay at home. In this regard, employees should be reminded of their obligation to protect their own health and safety as well as that of their coworkers.<a href=\"#_ftn10\" name=\"_ftnref10\">[10]<\/a><\/p>\n<p>Secondly, in order to prevent the spread of the virus in the workplace, the Quebec Government recommends to employers:<\/p>\n<ul>\n<li>To allow their employees to work remotely if possible; and<\/li>\n<li>To avoid non-essential work meetings;<\/li>\n<li>To stop requesting a doctors\u2019 note from their employees if they are absent for health reason as this puts an unnecessary strain on the healthcare system.<a href=\"#_ftn11\" name=\"_ftnref11\">[11]<\/a><\/li>\n<\/ul>\n<p>Finally, you may consider other measures in order to minimize the risk of contamination in your workplace, including:<\/p>\n<ul>\n<li>Cancelling any non-necessary work-related trip;<\/li>\n<li>Designating an employee or group of employees in charge of closely monitoring new developments and adapting the workplace\u2019s policy;<\/li>\n<li>Adopting measures to avoid close contact between employees by keeping a minimum of one to two meters\u2019 distance between individuals at all times;<\/li>\n<li>Converting in-person meetings to phone-calls using technological means such as Skype, FaceTime or WhatsApp;<\/li>\n<li>Putting in place a modified work schedule to stagger working hours and limit the amount of interaction between personnel while at the office<\/li>\n<li>Enhancing cleaning of surfaces in high-traffic areas in the workplace (main entry doors, kitchen area, bathroom doors, etc).<a href=\"#_ftn12\" name=\"_ftnref12\">[12]<\/a><\/li>\n<\/ul>\n<p><strong>Obligations Regarding Employees who are Affected by Covid-19 or Self-Isolating<\/strong><\/p>\n<p>The question of whether an employer must continue to pay a self-isolating employee during their period of self-isolation will depend on several factors, including the reason for said self-isolation (whether it is because of the illness, because a family-member is ill, as a preventative measure or because the person is returning from travel) and whether accommodation measures are available.<\/p>\n<p>As is the case for any type of illness, if an employee or one of their family-members is affected by Covid-19, they should be put on the employer\u2019s health insurance plan. Alternatively, the employee may wish to claim unemployment insurance or use their personal vacation days in order to be compensated during this period.<\/p>\n<p>Furthermore, in keeping with the employer\u2019s obligation to provide a safe workspace, employees with family-members affected by Covid-19 should be advised to disclose this information and, if feasible, work from home.<\/p>\n<p>If a person is self-isolating as a preventative measure, is willing and able to accomplish their work remotely, and if this measure has been approved by the employer before-hand, an employee should be entitled to receive compensation. However, if an employee self-isolates without the employer\u2019s consent, this may be considered as a refusal to work and disciplinary action could be considered. The legitimacy of the employee\u2019s refusal to work should be verified, and the appropriate sanction should be determined on a case-by-case basis. Spiegel Sohmer Inc. is qualified to assist your business in determining your obligations.<\/p>\n<p>At this stage, an employee presenting an underlying condition making him or her more susceptible to contracting Covid-19 may also require special accommodation. The measures taken to accommodate this employee must be taken on a case-by-case basis which will depend on the specific circumstances of your business. Again, Spiegel Sohmer Inc. can help you elaborate the appropriate policy for your workplace.<\/p>\n<p><strong>Temporary layoffs<\/strong><\/p>\n<p>In the unfortunate event that your business must lay off employees, it can do so temporarily for a period of up to 6 months.<\/p>\n<p>Near the expiry of this six-month period, if the employees\u2019 services continue not to be required, as things currently stand, you will have an obligation to provide them with a written notice and an indemnity. The length of time for the notice and amount of indemnity will depend on the length of the employees\u2019 employment.<\/p>\n<p>We can assist you in elaborating a plan of action which suit your business\u2019s needs.<\/p>\n<p><strong>Conclusion<\/strong><\/p>\n<p>There is no doubt that the current situation brings uncertainty and stress to employers and employees alike.&nbsp; Spiegel Sohmer Inc. can assist you in determining the rules and policies which are appropriate to your workplace in order to face this unprecedented situation.<\/p>\n<p><em>Note: the authors would like to thank Me \u00c9liane Dup\u00e9r\u00e9-Tremblay and Filipe Costa (articling student) for their precious help.<\/em><\/p>\n<p><a href=\"#_ftnref1\" name=\"_ftn1\">[1]<\/a> https:\/\/www.quebec.ca\/premier-ministre\/actualites\/detail\/le-gouvernement-du-quebec-annonce-la-fermeture-des-ecoles-des-cegeps-des-universites-et-des-services\/ ; The Government further indicated that a renewal of this measure for a two-week period was possible;<\/p>\n<p><a href=\"#_ftnref2\" name=\"_ftn2\">[2]<\/a> The Government indicated that a special mechanism would be put in place for children whose parents work in the health care system.<\/p>\n<p><a href=\"#_ftnref3\" name=\"_ftn3\">[3]<\/a> https:\/\/www.quebec.ca\/premier-ministre\/actualites\/detail\/le-gouvernement-du-quebec-declare-l-etat-d-urgence-sanitaire-interdit-les-visites-dans-les-centres-h\/<\/p>\n<p><a href=\"#_ftnref4\" name=\"_ftn4\">[4]<\/a> https:\/\/www.quebec.ca\/en\/premier\/actualites\/detail\/le-gouvernement-du-quebec-exige-la-fermeture-de-plusieurs-commerces-endroits-publics-et-lieux-de-ras\/<\/p>\n<p><a href=\"#_ftnref5\" name=\"_ftn5\">[5]<\/a> http:\/\/www.fil-information.gouv.qc.ca\/Pages\/Article.aspx?aiguillage=diffuseurs&amp;type=1&amp;listeDiff=2&amp;idArticle=2803169711<\/p>\n<p><a href=\"#_ftnref6\" name=\"_ftn6\">[6]<\/a> http:\/\/www.fil-information.gouv.qc.ca\/Pages\/Article.aspx?aiguillage=diffuseurs&amp;type=1&amp;listeDiff=2&amp;idArticle=2803169711<\/p>\n<p><a href=\"#_ftnref7\" name=\"_ftn7\">[7]<\/a> https:\/\/pm.gc.ca\/en\/news\/news-releases\/2020\/03\/16\/prime-minister-announces-new-actions-under-canadas-covid-19-response<\/p>\n<p><a href=\"#_ftnref8\" name=\"_ftn8\">[8]<\/a> Article 51 of the <em>Act respecting occupational health and safety<\/em><\/p>\n<p><a href=\"#_ftnref9\" name=\"_ftn9\">[9]<\/a> The Quebec Government identified the following three symptoms as key: cough, fever and respiratory difficulties: https:\/\/www.quebec.ca\/sante\/problemes-de-sante\/a-z\/coronavirus-2019\/#c46349<\/p>\n<p><a href=\"#_ftnref10\" name=\"_ftn10\">[10]<\/a> Article 49 of the <em>Act respecting occupational health and safety<\/em>.<\/p>\n<p><a href=\"#_ftnref11\" name=\"_ftn11\">[11]<\/a> http:\/\/www.fil-information.gouv.qc.ca\/Pages\/Article.aspx?aiguillage=diffuseurs&amp;type=1&amp;listeDiff=2&amp;idArticle=2803169711<\/p>\n<p><a href=\"#_ftnref12\" name=\"_ftn12\">[12]<\/a> For more information on routine surface cleaning, see the following policy prepared by Health Canada and can be accessed here: https:\/\/www.canada.ca\/fr\/sante-publique\/services\/maladies\/2019-nouveau-coronavirus\/professionnels-sante\/mesures-sante-publique-utilisees-reduire-covid-19.html<\/p>\n","protected":false},"excerpt":{"rendered":"<p>Over the past few days, the rapid spread of the Covid-19 pandemic has challenged every member of society to modify their day-to-day lives and contribute in the effort to slow down and limit the spread of the virus. We understand that, as an employer, you may be unsure what your rights and obligations are in [&hellip;]<\/p>\n","protected":false},"author":6,"featured_media":0,"comment_status":"open","ping_status":"open","sticky":false,"template":"","format":"standard","meta":{"_acf_changed":false,"footnotes":""},"categories":[24],"tags":[],"class_list":["post-5927","post","type-post","status-publish","format-standard","hentry","category-labour-law"],"acf":[],"yoast_head":"<!-- This site is optimized with the Yoast SEO plugin v26.7 - https:\/\/yoast.com\/wordpress\/plugins\/seo\/ -->\n<title>Employer\u2019s Guide to Handling COVID-19 in the Workplace - Spiegel Ryan<\/title>\n<meta name=\"robots\" content=\"index, follow, max-snippet:-1, max-image-preview:large, max-video-preview:-1\" \/>\n<link rel=\"canonical\" href=\"https:\/\/www.spiegelsohmer.com\/en\/2020\/03\/18\/employers-guide-to-handling-covid-19-in-the-workplace\/\" \/>\n<meta property=\"og:locale\" content=\"en_US\" \/>\n<meta property=\"og:type\" content=\"article\" \/>\n<meta property=\"og:title\" content=\"Employer\u2019s Guide to Handling COVID-19 in the Workplace - Spiegel Ryan\" \/>\n<meta property=\"og:description\" content=\"Over the past few days, the rapid spread of the Covid-19 pandemic has challenged every member of society to modify their day-to-day lives and contribute in the effort to slow down and limit the spread of the virus. We understand that, as an employer, you may be unsure what your rights and obligations are in [&hellip;]\" \/>\n<meta property=\"og:url\" content=\"https:\/\/www.spiegelsohmer.com\/en\/2020\/03\/18\/employers-guide-to-handling-covid-19-in-the-workplace\/\" \/>\n<meta property=\"og:site_name\" content=\"Spiegel Ryan\" \/>\n<meta property=\"article:author\" content=\"https:\/\/www.facebook.com\/spiegelsohmer\" \/>\n<meta property=\"article:published_time\" content=\"2020-03-18T17:06:48+00:00\" \/>\n<meta property=\"article:modified_time\" content=\"2020-03-31T14:07:56+00:00\" \/>\n<meta property=\"og:image\" content=\"https:\/\/spiegelryan.com\/content\/uploads\/2025\/09\/Spiegel-Ryan-sitweb.jpg\" \/>\n\t<meta property=\"og:image:width\" content=\"1200\" \/>\n\t<meta property=\"og:image:height\" content=\"675\" \/>\n\t<meta property=\"og:image:type\" content=\"image\/jpeg\" \/>\n<meta name=\"author\" content=\"Spiegel Admin\" \/>\n<meta name=\"twitter:card\" content=\"summary_large_image\" \/>\n<meta name=\"twitter:creator\" content=\"@SpiegelSohmerI\" \/>\n<meta name=\"twitter:label1\" content=\"Written by\" \/>\n\t<meta name=\"twitter:data1\" content=\"Spiegel Admin\" \/>\n\t<meta name=\"twitter:label2\" content=\"Est. reading time\" \/>\n\t<meta name=\"twitter:data2\" content=\"6 minutes\" \/>\n<script type=\"application\/ld+json\" class=\"yoast-schema-graph\">{\"@context\":\"https:\/\/schema.org\",\"@graph\":[{\"@type\":\"Article\",\"@id\":\"https:\/\/www.spiegelsohmer.com\/en\/2020\/03\/18\/employers-guide-to-handling-covid-19-in-the-workplace\/#article\",\"isPartOf\":{\"@id\":\"https:\/\/www.spiegelsohmer.com\/en\/2020\/03\/18\/employers-guide-to-handling-covid-19-in-the-workplace\/\"},\"author\":{\"name\":\"Spiegel Admin\",\"@id\":\"https:\/\/www.spiegelsohmer.com\/#\/schema\/person\/9a334da616569a04f72c6395abc761e2\"},\"headline\":\"Employer\u2019s Guide to Handling COVID-19 in the Workplace\",\"datePublished\":\"2020-03-18T17:06:48+00:00\",\"dateModified\":\"2020-03-31T14:07:56+00:00\",\"mainEntityOfPage\":{\"@id\":\"https:\/\/www.spiegelsohmer.com\/en\/2020\/03\/18\/employers-guide-to-handling-covid-19-in-the-workplace\/\"},\"wordCount\":1207,\"commentCount\":0,\"publisher\":{\"@id\":\"https:\/\/www.spiegelsohmer.com\/#organization\"},\"articleSection\":[\"Labour Law\"],\"inLanguage\":\"en-US\",\"potentialAction\":[{\"@type\":\"CommentAction\",\"name\":\"Comment\",\"target\":[\"https:\/\/www.spiegelsohmer.com\/en\/2020\/03\/18\/employers-guide-to-handling-covid-19-in-the-workplace\/#respond\"]}]},{\"@type\":\"WebPage\",\"@id\":\"https:\/\/www.spiegelsohmer.com\/en\/2020\/03\/18\/employers-guide-to-handling-covid-19-in-the-workplace\/\",\"url\":\"https:\/\/www.spiegelsohmer.com\/en\/2020\/03\/18\/employers-guide-to-handling-covid-19-in-the-workplace\/\",\"name\":\"Employer\u2019s Guide to Handling COVID-19 in the Workplace - Spiegel Ryan\",\"isPartOf\":{\"@id\":\"https:\/\/www.spiegelsohmer.com\/#website\"},\"datePublished\":\"2020-03-18T17:06:48+00:00\",\"dateModified\":\"2020-03-31T14:07:56+00:00\",\"breadcrumb\":{\"@id\":\"https:\/\/www.spiegelsohmer.com\/en\/2020\/03\/18\/employers-guide-to-handling-covid-19-in-the-workplace\/#breadcrumb\"},\"inLanguage\":\"en-US\",\"potentialAction\":[{\"@type\":\"ReadAction\",\"target\":[\"https:\/\/www.spiegelsohmer.com\/en\/2020\/03\/18\/employers-guide-to-handling-covid-19-in-the-workplace\/\"]}]},{\"@type\":\"BreadcrumbList\",\"@id\":\"https:\/\/www.spiegelsohmer.com\/en\/2020\/03\/18\/employers-guide-to-handling-covid-19-in-the-workplace\/#breadcrumb\",\"itemListElement\":[{\"@type\":\"ListItem\",\"position\":1,\"name\":\"Accueil\",\"item\":\"https:\/\/spiegelryan.com\/en\/\"},{\"@type\":\"ListItem\",\"position\":2,\"name\":\"Employer\u2019s Guide to Handling COVID-19 in the Workplace\"}]},{\"@type\":\"WebSite\",\"@id\":\"https:\/\/www.spiegelsohmer.com\/#website\",\"url\":\"https:\/\/www.spiegelsohmer.com\/\",\"name\":\"Spiegel Ryan\",\"description\":\"Just another WordPress site\",\"publisher\":{\"@id\":\"https:\/\/www.spiegelsohmer.com\/#organization\"},\"potentialAction\":[{\"@type\":\"SearchAction\",\"target\":{\"@type\":\"EntryPoint\",\"urlTemplate\":\"https:\/\/www.spiegelsohmer.com\/?s={search_term_string}\"},\"query-input\":{\"@type\":\"PropertyValueSpecification\",\"valueRequired\":true,\"valueName\":\"search_term_string\"}}],\"inLanguage\":\"en-US\"},{\"@type\":\"Organization\",\"@id\":\"https:\/\/www.spiegelsohmer.com\/#organization\",\"name\":\"Spiegel Ryan\",\"url\":\"https:\/\/www.spiegelsohmer.com\/\",\"logo\":{\"@type\":\"ImageObject\",\"inLanguage\":\"en-US\",\"@id\":\"https:\/\/www.spiegelsohmer.com\/#\/schema\/logo\/image\/\",\"url\":\"https:\/\/spiegelryan.com\/content\/uploads\/2025\/09\/Spiegel-Ryan-sitweb.jpg\",\"contentUrl\":\"https:\/\/spiegelryan.com\/content\/uploads\/2025\/09\/Spiegel-Ryan-sitweb.jpg\",\"width\":1200,\"height\":675,\"caption\":\"Spiegel Ryan\"},\"image\":{\"@id\":\"https:\/\/www.spiegelsohmer.com\/#\/schema\/logo\/image\/\"}},{\"@type\":\"Person\",\"@id\":\"https:\/\/www.spiegelsohmer.com\/#\/schema\/person\/9a334da616569a04f72c6395abc761e2\",\"name\":\"Spiegel Admin\",\"image\":{\"@type\":\"ImageObject\",\"inLanguage\":\"en-US\",\"@id\":\"https:\/\/www.spiegelsohmer.com\/#\/schema\/person\/image\/\",\"url\":\"https:\/\/secure.gravatar.com\/avatar\/f732db0c9f3af19449272f9fb3fc1380e56bac7ce23b32e8db385dce81f758d6?s=96&d=mm&r=g\",\"contentUrl\":\"https:\/\/secure.gravatar.com\/avatar\/f732db0c9f3af19449272f9fb3fc1380e56bac7ce23b32e8db385dce81f758d6?s=96&d=mm&r=g\",\"caption\":\"Spiegel Admin\"},\"sameAs\":[\"https:\/\/www.facebook.com\/spiegelsohmer\",\"https:\/\/x.com\/SpiegelSohmerI\"],\"url\":\"https:\/\/spiegelryan.com\/en\/author\/spiegel_admin\/\"}]}<\/script>\n<!-- \/ Yoast SEO plugin. -->","yoast_head_json":{"title":"Employer\u2019s Guide to Handling COVID-19 in the Workplace - Spiegel Ryan","robots":{"index":"index","follow":"follow","max-snippet":"max-snippet:-1","max-image-preview":"max-image-preview:large","max-video-preview":"max-video-preview:-1"},"canonical":"https:\/\/www.spiegelsohmer.com\/en\/2020\/03\/18\/employers-guide-to-handling-covid-19-in-the-workplace\/","og_locale":"en_US","og_type":"article","og_title":"Employer\u2019s Guide to Handling COVID-19 in the Workplace - Spiegel Ryan","og_description":"Over the past few days, the rapid spread of the Covid-19 pandemic has challenged every member of society to modify their day-to-day lives and contribute in the effort to slow down and limit the spread of the virus. We understand that, as an employer, you may be unsure what your rights and obligations are in [&hellip;]","og_url":"https:\/\/www.spiegelsohmer.com\/en\/2020\/03\/18\/employers-guide-to-handling-covid-19-in-the-workplace\/","og_site_name":"Spiegel Ryan","article_author":"https:\/\/www.facebook.com\/spiegelsohmer","article_published_time":"2020-03-18T17:06:48+00:00","article_modified_time":"2020-03-31T14:07:56+00:00","og_image":[{"width":1200,"height":675,"url":"https:\/\/spiegelryan.com\/content\/uploads\/2025\/09\/Spiegel-Ryan-sitweb.jpg","type":"image\/jpeg"}],"author":"Spiegel Admin","twitter_card":"summary_large_image","twitter_creator":"@SpiegelSohmerI","twitter_misc":{"Written by":"Spiegel Admin","Est. reading time":"6 minutes"},"schema":{"@context":"https:\/\/schema.org","@graph":[{"@type":"Article","@id":"https:\/\/www.spiegelsohmer.com\/en\/2020\/03\/18\/employers-guide-to-handling-covid-19-in-the-workplace\/#article","isPartOf":{"@id":"https:\/\/www.spiegelsohmer.com\/en\/2020\/03\/18\/employers-guide-to-handling-covid-19-in-the-workplace\/"},"author":{"name":"Spiegel Admin","@id":"https:\/\/www.spiegelsohmer.com\/#\/schema\/person\/9a334da616569a04f72c6395abc761e2"},"headline":"Employer\u2019s Guide to Handling COVID-19 in the Workplace","datePublished":"2020-03-18T17:06:48+00:00","dateModified":"2020-03-31T14:07:56+00:00","mainEntityOfPage":{"@id":"https:\/\/www.spiegelsohmer.com\/en\/2020\/03\/18\/employers-guide-to-handling-covid-19-in-the-workplace\/"},"wordCount":1207,"commentCount":0,"publisher":{"@id":"https:\/\/www.spiegelsohmer.com\/#organization"},"articleSection":["Labour Law"],"inLanguage":"en-US","potentialAction":[{"@type":"CommentAction","name":"Comment","target":["https:\/\/www.spiegelsohmer.com\/en\/2020\/03\/18\/employers-guide-to-handling-covid-19-in-the-workplace\/#respond"]}]},{"@type":"WebPage","@id":"https:\/\/www.spiegelsohmer.com\/en\/2020\/03\/18\/employers-guide-to-handling-covid-19-in-the-workplace\/","url":"https:\/\/www.spiegelsohmer.com\/en\/2020\/03\/18\/employers-guide-to-handling-covid-19-in-the-workplace\/","name":"Employer\u2019s Guide to Handling COVID-19 in the Workplace - Spiegel Ryan","isPartOf":{"@id":"https:\/\/www.spiegelsohmer.com\/#website"},"datePublished":"2020-03-18T17:06:48+00:00","dateModified":"2020-03-31T14:07:56+00:00","breadcrumb":{"@id":"https:\/\/www.spiegelsohmer.com\/en\/2020\/03\/18\/employers-guide-to-handling-covid-19-in-the-workplace\/#breadcrumb"},"inLanguage":"en-US","potentialAction":[{"@type":"ReadAction","target":["https:\/\/www.spiegelsohmer.com\/en\/2020\/03\/18\/employers-guide-to-handling-covid-19-in-the-workplace\/"]}]},{"@type":"BreadcrumbList","@id":"https:\/\/www.spiegelsohmer.com\/en\/2020\/03\/18\/employers-guide-to-handling-covid-19-in-the-workplace\/#breadcrumb","itemListElement":[{"@type":"ListItem","position":1,"name":"Accueil","item":"https:\/\/spiegelryan.com\/en\/"},{"@type":"ListItem","position":2,"name":"Employer\u2019s Guide to Handling COVID-19 in the Workplace"}]},{"@type":"WebSite","@id":"https:\/\/www.spiegelsohmer.com\/#website","url":"https:\/\/www.spiegelsohmer.com\/","name":"Spiegel Ryan","description":"Just another WordPress site","publisher":{"@id":"https:\/\/www.spiegelsohmer.com\/#organization"},"potentialAction":[{"@type":"SearchAction","target":{"@type":"EntryPoint","urlTemplate":"https:\/\/www.spiegelsohmer.com\/?s={search_term_string}"},"query-input":{"@type":"PropertyValueSpecification","valueRequired":true,"valueName":"search_term_string"}}],"inLanguage":"en-US"},{"@type":"Organization","@id":"https:\/\/www.spiegelsohmer.com\/#organization","name":"Spiegel Ryan","url":"https:\/\/www.spiegelsohmer.com\/","logo":{"@type":"ImageObject","inLanguage":"en-US","@id":"https:\/\/www.spiegelsohmer.com\/#\/schema\/logo\/image\/","url":"https:\/\/spiegelryan.com\/content\/uploads\/2025\/09\/Spiegel-Ryan-sitweb.jpg","contentUrl":"https:\/\/spiegelryan.com\/content\/uploads\/2025\/09\/Spiegel-Ryan-sitweb.jpg","width":1200,"height":675,"caption":"Spiegel Ryan"},"image":{"@id":"https:\/\/www.spiegelsohmer.com\/#\/schema\/logo\/image\/"}},{"@type":"Person","@id":"https:\/\/www.spiegelsohmer.com\/#\/schema\/person\/9a334da616569a04f72c6395abc761e2","name":"Spiegel Admin","image":{"@type":"ImageObject","inLanguage":"en-US","@id":"https:\/\/www.spiegelsohmer.com\/#\/schema\/person\/image\/","url":"https:\/\/secure.gravatar.com\/avatar\/f732db0c9f3af19449272f9fb3fc1380e56bac7ce23b32e8db385dce81f758d6?s=96&d=mm&r=g","contentUrl":"https:\/\/secure.gravatar.com\/avatar\/f732db0c9f3af19449272f9fb3fc1380e56bac7ce23b32e8db385dce81f758d6?s=96&d=mm&r=g","caption":"Spiegel Admin"},"sameAs":["https:\/\/www.facebook.com\/spiegelsohmer","https:\/\/x.com\/SpiegelSohmerI"],"url":"https:\/\/spiegelryan.com\/en\/author\/spiegel_admin\/"}]}},"_links":{"self":[{"href":"https:\/\/spiegelryan.com\/en\/wp-json\/wp\/v2\/posts\/5927","targetHints":{"allow":["GET"]}}],"collection":[{"href":"https:\/\/spiegelryan.com\/en\/wp-json\/wp\/v2\/posts"}],"about":[{"href":"https:\/\/spiegelryan.com\/en\/wp-json\/wp\/v2\/types\/post"}],"author":[{"embeddable":true,"href":"https:\/\/spiegelryan.com\/en\/wp-json\/wp\/v2\/users\/6"}],"replies":[{"embeddable":true,"href":"https:\/\/spiegelryan.com\/en\/wp-json\/wp\/v2\/comments?post=5927"}],"version-history":[{"count":11,"href":"https:\/\/spiegelryan.com\/en\/wp-json\/wp\/v2\/posts\/5927\/revisions"}],"predecessor-version":[{"id":6000,"href":"https:\/\/spiegelryan.com\/en\/wp-json\/wp\/v2\/posts\/5927\/revisions\/6000"}],"wp:attachment":[{"href":"https:\/\/spiegelryan.com\/en\/wp-json\/wp\/v2\/media?parent=5927"}],"wp:term":[{"taxonomy":"category","embeddable":true,"href":"https:\/\/spiegelryan.com\/en\/wp-json\/wp\/v2\/categories?post=5927"},{"taxonomy":"post_tag","embeddable":true,"href":"https:\/\/spiegelryan.com\/en\/wp-json\/wp\/v2\/tags?post=5927"}],"curies":[{"name":"wp","href":"https:\/\/api.w.org\/{rel}","templated":true}]}}